{"id":25579,"date":"2021-12-20T14:31:49","date_gmt":"2021-12-20T14:31:49","guid":{"rendered":"https:\/\/imeg.pt\/?p=25579"},"modified":"2021-12-20T14:39:57","modified_gmt":"2021-12-20T14:39:57","slug":"jantar-de-natal-corporativo","status":"publish","type":"post","link":"https:\/\/imeg.pt\/en\/jantar-de-natal-corporativo\/","title":{"rendered":"Corporate Christmas Dinner"},"content":{"rendered":"<h4>The IMEG Group's Christmas dinner was held last Saturday, December 18th. It was a moment of celebration, conviviality, sharing, smiles, joy and lots and lots of entertainment.<\/h4>\n<p>We cherish those who are with us and so it was also time to thank all those who accompany us. We are aware that not every day is easy, but that they, our people, work hard and always give their best. They are and give their all for IMEG.<\/p>\n<p>For these and other reasons, bringing our teams together for this type of event is essential for us, even in a pandemic context. COVID-19 has already taken away many moments of conviviality, many emotions, but this year we will not allow ourselves to be affected or infected. We tested all our employees because their safety, as well as that of their families, is a priority. And a safe party is a happy party.<\/p>\n<p>Thank you to everyone present!<\/p>\n<p><img loading=\"lazy\" decoding=\"async\" class=\"alignnone wp-image-25593 size-large lazyload\" src=\"data:image\/gif;base64,R0lGODlhAQABAAAAACH5BAEKAAEALAAAAAABAAEAAAICTAEAOw==\" alt=\"\" width=\"1024\" height=\"768\" sizes=\"(min-width: 0px) and (max-width: 480px) 480px, (min-width: 481px) and (max-width: 980px) 980px, (min-width: 981px) 1024px, 100vw\" data-src=\"https:\/\/imeg.pt\/wp-content\/uploads\/2021\/12\/image00016-1024x768.jpg\" data-srcset=\"https:\/\/imeg.pt\/wp-content\/uploads\/2021\/12\/image00016-980x735.jpg 980w, https:\/\/imeg.pt\/wp-content\/uploads\/2021\/12\/image00016-480x360.jpg 480w\"><img loading=\"lazy\" decoding=\"async\" class=\"alignnone wp-image-25594 size-large lazyload\" src=\"data:image\/gif;base64,R0lGODlhAQABAAAAACH5BAEKAAEALAAAAAABAAEAAAICTAEAOw==\" alt=\"\" width=\"1024\" height=\"768\" sizes=\"(min-width: 0px) and (max-width: 480px) 480px, (min-width: 481px) and (max-width: 980px) 980px, (min-width: 981px) 1024px, 100vw\" data-src=\"https:\/\/imeg.pt\/wp-content\/uploads\/2021\/12\/image00034-1024x768.jpg\" data-srcset=\"https:\/\/imeg.pt\/wp-content\/uploads\/2021\/12\/image00034-980x735.jpg 980w, https:\/\/imeg.pt\/wp-content\/uploads\/2021\/12\/image00034-480x360.jpg 480w\"><img loading=\"lazy\" decoding=\"async\" class=\"alignnone wp-image-25595 size-large lazyload\" src=\"data:image\/gif;base64,R0lGODlhAQABAAAAACH5BAEKAAEALAAAAAABAAEAAAICTAEAOw==\" alt=\"\" width=\"1024\" height=\"768\" sizes=\"(min-width: 0px) and (max-width: 480px) 480px, (min-width: 481px) and (max-width: 980px) 980px, (min-width: 981px) 1024px, 100vw\" data-src=\"https:\/\/imeg.pt\/wp-content\/uploads\/2021\/12\/image00004-1024x768.jpg\" data-srcset=\"https:\/\/imeg.pt\/wp-content\/uploads\/2021\/12\/image00004-980x735.jpg 980w, https:\/\/imeg.pt\/wp-content\/uploads\/2021\/12\/image00004-480x360.jpg 480w\"><\/p>\n<p><img loading=\"lazy\" decoding=\"async\" class=\"alignnone wp-image-25597 size-large lazyload\" src=\"data:image\/gif;base64,R0lGODlhAQABAAAAACH5BAEKAAEALAAAAAABAAEAAAICTAEAOw==\" alt=\"\" width=\"1024\" height=\"768\" sizes=\"(min-width: 0px) and (max-width: 480px) 480px, (min-width: 481px) and (max-width: 980px) 980px, (min-width: 981px) 1024px, 100vw\" data-src=\"https:\/\/imeg.pt\/wp-content\/uploads\/2021\/12\/image00031-1024x768.jpg\" data-srcset=\"https:\/\/imeg.pt\/wp-content\/uploads\/2021\/12\/image00031-980x735.jpg 980w, https:\/\/imeg.pt\/wp-content\/uploads\/2021\/12\/image00031-480x360.jpg 480w\"><img loading=\"lazy\" decoding=\"async\" class=\"alignnone wp-image-25596 size-large lazyload\" src=\"data:image\/gif;base64,R0lGODlhAQABAAAAACH5BAEKAAEALAAAAAABAAEAAAICTAEAOw==\" alt=\"\" width=\"1024\" height=\"768\" sizes=\"(min-width: 0px) and (max-width: 480px) 480px, (min-width: 481px) and (max-width: 980px) 980px, (min-width: 981px) 1024px, 100vw\" data-src=\"https:\/\/imeg.pt\/wp-content\/uploads\/2021\/12\/image00026-1024x768.jpg\" data-srcset=\"https:\/\/imeg.pt\/wp-content\/uploads\/2021\/12\/image00026-980x735.jpg 980w, https:\/\/imeg.pt\/wp-content\/uploads\/2021\/12\/image00026-480x360.jpg 480w\"><\/p>\n<p><img loading=\"lazy\" decoding=\"async\" class=\"alignnone wp-image-25598 size-large lazyload\" src=\"data:image\/gif;base64,R0lGODlhAQABAAAAACH5BAEKAAEALAAAAAABAAEAAAICTAEAOw==\" alt=\"\" width=\"1024\" height=\"768\" sizes=\"(min-width: 0px) and (max-width: 480px) 480px, (min-width: 481px) and (max-width: 980px) 980px, (min-width: 981px) 1024px, 100vw\" data-src=\"https:\/\/imeg.pt\/wp-content\/uploads\/2021\/12\/image00024-1024x768.jpg\" data-srcset=\"https:\/\/imeg.pt\/wp-content\/uploads\/2021\/12\/image00024-980x735.jpg 980w, https:\/\/imeg.pt\/wp-content\/uploads\/2021\/12\/image00024-480x360.jpg 480w\"><\/p>","protected":false},"excerpt":{"rendered":"<p>Realizou-se no passado s\u00e1bado, dia 18 de dezembro, o jantar de Natal do Grupo IMEG, um momento de festa, convivo, partilha, sorrisos, alegria, e anima\u00e7\u00e3o, muita anima\u00e7\u00e3o. Prezamos quem est\u00e1 connosco e, por isso, foi tamb\u00e9m hora de agradecer a todos aqueles que nos acompanham. Temos consci\u00eancia que nem todos os dias s\u00e3o f\u00e1ceis, mas [&hellip;]<\/p>\n","protected":false},"author":2,"featured_media":25601,"comment_status":"closed","ping_status":"closed","sticky":false,"template":"","format":"standard","meta":{"_et_pb_use_builder":"","_et_pb_old_content":"","_et_gb_content_width":"","footnotes":""},"categories":[1],"tags":[],"class_list":["post-25579","post","type-post","status-publish","format-standard","has-post-thumbnail","hentry","category-noticias"],"_links":{"self":[{"href":"https:\/\/imeg.pt\/en\/wp-json\/wp\/v2\/posts\/25579","targetHints":{"allow":["GET"]}}],"collection":[{"href":"https:\/\/imeg.pt\/en\/wp-json\/wp\/v2\/posts"}],"about":[{"href":"https:\/\/imeg.pt\/en\/wp-json\/wp\/v2\/types\/post"}],"author":[{"embeddable":true,"href":"https:\/\/imeg.pt\/en\/wp-json\/wp\/v2\/users\/2"}],"replies":[{"embeddable":true,"href":"https:\/\/imeg.pt\/en\/wp-json\/wp\/v2\/comments?post=25579"}],"version-history":[{"count":0,"href":"https:\/\/imeg.pt\/en\/wp-json\/wp\/v2\/posts\/25579\/revisions"}],"wp:featuredmedia":[{"embeddable":true,"href":"https:\/\/imeg.pt\/en\/wp-json\/wp\/v2\/media\/25601"}],"wp:attachment":[{"href":"https:\/\/imeg.pt\/en\/wp-json\/wp\/v2\/media?parent=25579"}],"wp:term":[{"taxonomy":"category","embeddable":true,"href":"https:\/\/imeg.pt\/en\/wp-json\/wp\/v2\/categories?post=25579"},{"taxonomy":"post_tag","embeddable":true,"href":"https:\/\/imeg.pt\/en\/wp-json\/wp\/v2\/tags?post=25579"}],"curies":[{"name":"wp","href":"https:\/\/api.w.org\/{rel}","templated":true}]}}