{"id":25565,"date":"2021-11-29T15:06:55","date_gmt":"2021-11-29T15:06:55","guid":{"rendered":"https:\/\/imeg.pt\/?p=25565"},"modified":"2021-11-29T15:41:54","modified_gmt":"2021-11-29T15:41:54","slug":"grupo-imeg-apoia-pedro-holzer-piloto-de-rali","status":"publish","type":"post","link":"https:\/\/imeg.pt\/en\/grupo-imeg-apoia-pedro-holzer-piloto-de-rali\/","title":{"rendered":"IMEG Group supports rally driver Pedro Holzer"},"content":{"rendered":"<p>The 2021 edition of the Viana do Castelo Rally marked the return of rallies to the town at the mouth of the Lima River on November 26 and 27, and IMEG was there.<\/p>\n<p>We are proud sponsors of driver Pedro Holzer and co-driver Miguel Silva. We believe in them and their talent. And more than that, we like to support initiatives that help make dreams come true! This should also be the mission of companies.<\/p>\n<p>Congratulations, Pedro!<br \/>\nCongratulations, Miguel!<\/p>\n<p>Great teamwork!<\/p>\n<p><img loading=\"lazy\" decoding=\"async\" class=\"alignnone wp-image-25566 size-full lazyload\" src=\"data:image\/gif;base64,R0lGODlhAQABAAAAACH5BAEKAAEALAAAAAABAAEAAAICTAEAOw==\" alt=\"\" width=\"833\" height=\"491\" sizes=\"(min-width: 0px) and (max-width: 480px) 480px, (min-width: 481px) 833px, 100vw\" data-src=\"https:\/\/imeg.pt\/wp-content\/uploads\/2021\/11\/ralli.png\" data-srcset=\"https:\/\/imeg.pt\/wp-content\/uploads\/2021\/11\/ralli.png 833w, https:\/\/imeg.pt\/wp-content\/uploads\/2021\/11\/ralli-480x283.png 480w\"><\/p>","protected":false},"excerpt":{"rendered":"<p>A edi\u00e7\u00e3o de 2021 do Rali de Viana do Castelo marcou o regresso dos ralis \u00e0 cidade foz do Rio Lima, nos passados dias 26 e 27 de novembro, e a IMEG esteve presente. Somos, orgulhosamente, patrocinadores do piloto Pedro Holzer e do copiloto Miguel Silva. Acreditamos neles e no talento que det\u00eam. E, mais [&hellip;]<\/p>\n","protected":false},"author":2,"featured_media":25566,"comment_status":"closed","ping_status":"closed","sticky":false,"template":"","format":"standard","meta":{"_et_pb_use_builder":"","_et_pb_old_content":"","_et_gb_content_width":"","footnotes":""},"categories":[1],"tags":[],"class_list":["post-25565","post","type-post","status-publish","format-standard","has-post-thumbnail","hentry","category-noticias"],"_links":{"self":[{"href":"https:\/\/imeg.pt\/en\/wp-json\/wp\/v2\/posts\/25565","targetHints":{"allow":["GET"]}}],"collection":[{"href":"https:\/\/imeg.pt\/en\/wp-json\/wp\/v2\/posts"}],"about":[{"href":"https:\/\/imeg.pt\/en\/wp-json\/wp\/v2\/types\/post"}],"author":[{"embeddable":true,"href":"https:\/\/imeg.pt\/en\/wp-json\/wp\/v2\/users\/2"}],"replies":[{"embeddable":true,"href":"https:\/\/imeg.pt\/en\/wp-json\/wp\/v2\/comments?post=25565"}],"version-history":[{"count":0,"href":"https:\/\/imeg.pt\/en\/wp-json\/wp\/v2\/posts\/25565\/revisions"}],"wp:featuredmedia":[{"embeddable":true,"href":"https:\/\/imeg.pt\/en\/wp-json\/wp\/v2\/media\/25566"}],"wp:attachment":[{"href":"https:\/\/imeg.pt\/en\/wp-json\/wp\/v2\/media?parent=25565"}],"wp:term":[{"taxonomy":"category","embeddable":true,"href":"https:\/\/imeg.pt\/en\/wp-json\/wp\/v2\/categories?post=25565"},{"taxonomy":"post_tag","embeddable":true,"href":"https:\/\/imeg.pt\/en\/wp-json\/wp\/v2\/tags?post=25565"}],"curies":[{"name":"wp","href":"https:\/\/api.w.org\/{rel}","templated":true}]}}