{"id":25417,"date":"2021-12-17T11:00:02","date_gmt":"2021-12-17T11:00:02","guid":{"rendered":"https:\/\/imeg.pt\/?p=25417"},"modified":"2021-12-17T10:53:13","modified_gmt":"2021-12-17T10:53:13","slug":"edp-aumenta-precos-da-luz-em-24-em-2022","status":"publish","type":"post","link":"https:\/\/imeg.pt\/en\/edp-aumenta-precos-da-luz-em-24-em-2022\/","title":{"rendered":"EDP increases electricity prices by 2.4% in 2022"},"content":{"rendered":"<header class=\"entry__header\">\n<h2 class=\"entry__lead\">The update, from January 1, translates into an average change of 90 cents per month in household electricity bills.<\/h2>\n<\/header>\n<div class=\"entry__content\">\n<p class=\"translation-block\">EDP Comercial's electricity tariffs will rise by an average of 2.4% in 2022, which corresponds to an increase in household bills of around 90 cents per month, reflecting the rise in energy costs.<\/p>\n<p class=\"translation-block\">\u201cEDP Comercial will make an average update of 2.4%, in line with the regulated market, as of January 1st. This update translates into an average variation of 90 cents per month,\u201d the president of EDP Comercial, Vera Pinto Pereira, told Lusa, noting that this increase comes \u2018in the context of a significant rise in energy prices on the wholesale market\u2019.<\/p>\n<p class=\"translation-block\">The intention is to maintain the tariffs \u201cthroughout the whole of 2022\u201d, said the manager, stressing that \u201cEDP Comercial is thus continuing the strategy of price stability that allowed it to keep customer prices unchanged even in 2021, when the energy market reached record values\u201d.<\/p>\n<p class=\"translation-block\">EDP Comercial is the main operator in the free electricity market, with a market share of 74.3% in terms of number of customers and 41.7% in terms of consumption supplied, according to the latest figures released by the regulator for June.<\/p>\n<\/div>\n<a href='https:\/\/eco.sapo.pt\/2021\/11\/17\/edp-aumenta-precos-da-luz-24-em-202222\/' class='small-button smallblack'>Read more<\/a>","protected":false},"excerpt":{"rendered":"<p>A atualiza\u00e7\u00e3o, a partir de 1 de janeiro, traduz-se numa varia\u00e7\u00e3o m\u00e9dia de 90 c\u00eantimos por m\u00eas na fatura da eletricidade das fam\u00edlias. As tarifas de eletricidade da EDP Comercial v\u00e3o subir em m\u00e9dia 2,4% em 2022, o que corresponde a um\u00a0acr\u00e9scimo na fatura das fam\u00edlias de cerca de 90 c\u00eantimos por m\u00eas, refletindo a [&hellip;]<\/p>\n","protected":false},"author":2,"featured_media":25418,"comment_status":"closed","ping_status":"closed","sticky":false,"template":"","format":"standard","meta":{"_et_pb_use_builder":"","_et_pb_old_content":"","_et_gb_content_width":"","footnotes":""},"categories":[1],"tags":[],"class_list":["post-25417","post","type-post","status-publish","format-standard","has-post-thumbnail","hentry","category-noticias"],"_links":{"self":[{"href":"https:\/\/imeg.pt\/en\/wp-json\/wp\/v2\/posts\/25417","targetHints":{"allow":["GET"]}}],"collection":[{"href":"https:\/\/imeg.pt\/en\/wp-json\/wp\/v2\/posts"}],"about":[{"href":"https:\/\/imeg.pt\/en\/wp-json\/wp\/v2\/types\/post"}],"author":[{"embeddable":true,"href":"https:\/\/imeg.pt\/en\/wp-json\/wp\/v2\/users\/2"}],"replies":[{"embeddable":true,"href":"https:\/\/imeg.pt\/en\/wp-json\/wp\/v2\/comments?post=25417"}],"version-history":[{"count":0,"href":"https:\/\/imeg.pt\/en\/wp-json\/wp\/v2\/posts\/25417\/revisions"}],"wp:featuredmedia":[{"embeddable":true,"href":"https:\/\/imeg.pt\/en\/wp-json\/wp\/v2\/media\/25418"}],"wp:attachment":[{"href":"https:\/\/imeg.pt\/en\/wp-json\/wp\/v2\/media?parent=25417"}],"wp:term":[{"taxonomy":"category","embeddable":true,"href":"https:\/\/imeg.pt\/en\/wp-json\/wp\/v2\/categories?post=25417"},{"taxonomy":"post_tag","embeddable":true,"href":"https:\/\/imeg.pt\/en\/wp-json\/wp\/v2\/tags?post=25417"}],"curies":[{"name":"wp","href":"https:\/\/api.w.org\/{rel}","templated":true}]}}